{"id":569,"date":"2021-09-03T08:30:00","date_gmt":"2021-09-03T06:30:00","guid":{"rendered":"https:\/\/parisfaubourg.org\/fatouwp23\/2021\/09\/03\/le-chantier-de-la-maternelle\/"},"modified":"2023-10-31T20:32:01","modified_gmt":"2023-10-31T19:32:01","slug":"le-chantier-de-la-maternelle","status":"publish","type":"post","link":"https:\/\/parisfaubourg.org\/fatouwp23\/2021\/09\/03\/le-chantier-de-la-maternelle\/","title":{"rendered":"Le chantier de la maternelle"},"content":{"rendered":"\n<p>Apr\u00e8s bien des tribulations &#8211; complications, retards, probl\u00e8mes techniques, augmentation de co\u00fbts &#8211; le chantier de l\u2019\u00e9cole maternelle a enfin d\u00e9marr\u00e9 en janvier 2020. Il respecte la r\u00e9glementation et chaque \u00e9tape est soumise \u00e0 l\u2019avis d\u2019un bureau de contr\u00f4le, Scat internationale.<\/p>\n\n\n\n<p>L\u2019objectif \u00e9tait d\u2019ouvrir l\u2019\u00e9cole maternelle pour la rentr\u00e9e d\u2019octobre 2020. Mais cela n&#8217;a pas \u00e9t\u00e9 possible: le chantier a continu\u00e9 malgr\u00e9 la pand\u00e9mie, mais tout \u00e0 avanc\u00e9 tr\u00e8s lentement. Les derniers travaux de gros-oeuvre sont presque termin\u00e9s, ainsi que l&#8217;installation de la plomberie et de l&#8217;\u00e9lectricit\u00e9. Depuis avril 2021 le chantier avance vite et l&#8217;\u00e9cole pourra ouvrir \u00e0 la rentr\u00e9e du 14 octobre. <\/p>\n\n\n\n<p>Ci dessous quelques photos des derni\u00e8res \u00e9tapes, une \u00e9cole gaie, dans un festival de couleurs!<\/p>\n\n\n\n<p>N\u00e9anmoins la situation en France a des cons\u00e9quences sur le projet, puisque les vide greniers qui nous permettaient de compl\u00e9ter les financements n&#8217;ont pas toujours pu se tenir.<\/p>\n\n\n\n<p><strong>Aussi aidez nous \u00e0 compl\u00e9ter les financements pour terminer les derniers travaux et l&#8217;achat de mobilier, c&#8217;est <a href=\"https:\/\/parisfaubourg.org\/fatouwp23\/2023\/10\/30\/adhesion-et-dons\/\" data-type=\"link\" data-id=\"https:\/\/parisfaubourg.org\/fatouwp23\/2023\/10\/30\/adhesion-et-dons\/\"><strong>ICI<\/strong><\/a> <\/strong><\/p>\n\n\n\n<figure class=\"wp-block-image aligncenter\"><img loading=\"lazy\" decoding=\"async\" width=\"600\" height=\"450\" src=\"https:\/\/parisfaubourg.org\/fatouwp23\/wp-content\/uploads\/2021\/09\/img_9793.jpg\" alt=\"img_9793.jpg\" class=\"wp-image-555\" srcset=\"https:\/\/parisfaubourg.org\/fatouwp23\/wp-content\/uploads\/2021\/09\/img_9793.jpg 600w, https:\/\/parisfaubourg.org\/fatouwp23\/wp-content\/uploads\/2021\/09\/img_9793-300x225.jpg 300w\" sizes=\"auto, (max-width: 600px) 100vw, 600px\" \/><\/figure>\n\n\n\n<figure class=\"wp-block-image aligncenter size-full wp-image-556\"><img loading=\"lazy\" decoding=\"async\" width=\"600\" height=\"800\" src=\"https:\/\/parisfaubourg.org\/fatouwp23\/wp-content\/uploads\/2021\/09\/img_0101.jpg\" alt=\"Mamadou Gueye, Directeur de l'\u00e9cole, Pr\u00e9sident d'ANAVI\" class=\"wp-image-556\" srcset=\"https:\/\/parisfaubourg.org\/fatouwp23\/wp-content\/uploads\/2021\/09\/img_0101.jpg 600w, https:\/\/parisfaubourg.org\/fatouwp23\/wp-content\/uploads\/2021\/09\/img_0101-225x300.jpg 225w\" sizes=\"auto, (max-width: 600px) 100vw, 600px\" \/><figcaption class=\"wp-element-caption\">Mamadou Gueye, Directeur de l&#8217;\u00e9cole, Pr\u00e9sident d&#8217;ANAVI<\/figcaption><\/figure>\n\n\n\n<figure class=\"wp-block-image aligncenter size-full wp-image-557\"><img loading=\"lazy\" decoding=\"async\" width=\"567\" height=\"425\" src=\"https:\/\/parisfaubourg.org\/fatouwp23\/wp-content\/uploads\/2021\/09\/img_0099.jpg\" alt=\"Novembre 2020: Mamadou Gueye, Fran\u00e7oise, chef de projet et Alain, assistant au maitre d'ouvrage\" class=\"wp-image-557\" srcset=\"https:\/\/parisfaubourg.org\/fatouwp23\/wp-content\/uploads\/2021\/09\/img_0099.jpg 567w, https:\/\/parisfaubourg.org\/fatouwp23\/wp-content\/uploads\/2021\/09\/img_0099-300x225.jpg 300w\" sizes=\"auto, (max-width: 567px) 100vw, 567px\" \/><figcaption class=\"wp-element-caption\">Novembre 2020: Mamadou Gueye, Fran\u00e7oise, chef de projet et Alain, assistant au maitre d&#8217;ouvrage<\/figcaption><\/figure>\n\n\n\n<p><strong>Visite des enseignants, fin avril:<\/strong><\/p>\n\n\n\n<figure class=\"wp-block-image aligncenter size-full wp-image-558\"><img loading=\"lazy\" decoding=\"async\" width=\"709\" height=\"531\" src=\"https:\/\/parisfaubourg.org\/fatouwp23\/wp-content\/uploads\/2021\/09\/img_1086.jpg\" alt=\"29 avril 2021, les enseignant-es visitent le chantier\" class=\"wp-image-558\" srcset=\"https:\/\/parisfaubourg.org\/fatouwp23\/wp-content\/uploads\/2021\/09\/img_1086.jpg 709w, https:\/\/parisfaubourg.org\/fatouwp23\/wp-content\/uploads\/2021\/09\/img_1086-300x225.jpg 300w\" sizes=\"auto, (max-width: 709px) 100vw, 709px\" \/><figcaption class=\"wp-element-caption\">29 avril 2021, les enseignant-es visitent le chantier<\/figcaption><\/figure>\n\n\n\n<figure class=\"wp-block-image aligncenter\"><img loading=\"lazy\" decoding=\"async\" width=\"709\" height=\"531\" src=\"https:\/\/parisfaubourg.org\/fatouwp23\/wp-content\/uploads\/2021\/09\/img_1087.jpg\" alt=\"img_1087.jpg\" class=\"wp-image-559\" srcset=\"https:\/\/parisfaubourg.org\/fatouwp23\/wp-content\/uploads\/2021\/09\/img_1087.jpg 709w, https:\/\/parisfaubourg.org\/fatouwp23\/wp-content\/uploads\/2021\/09\/img_1087-300x225.jpg 300w\" sizes=\"auto, (max-width: 709px) 100vw, 709px\" \/><\/figure>\n\n\n\n<figure class=\"wp-block-image aligncenter\"><img loading=\"lazy\" decoding=\"async\" width=\"227\" height=\"302\" src=\"https:\/\/parisfaubourg.org\/fatouwp23\/wp-content\/uploads\/2021\/09\/img-20210429-wa0019.jpg\" alt=\"img-20210429-wa0019.jpg\" class=\"wp-image-560\" srcset=\"https:\/\/parisfaubourg.org\/fatouwp23\/wp-content\/uploads\/2021\/09\/img-20210429-wa0019.jpg 227w, https:\/\/parisfaubourg.org\/fatouwp23\/wp-content\/uploads\/2021\/09\/img-20210429-wa0019-225x300.jpg 225w\" sizes=\"auto, (max-width: 227px) 100vw, 227px\" \/><\/figure>\n\n\n\n<figure class=\"wp-block-image aligncenter size-full wp-image-561\"><img loading=\"lazy\" decoding=\"async\" width=\"600\" height=\"449\" src=\"https:\/\/parisfaubourg.org\/fatouwp23\/wp-content\/uploads\/2021\/09\/img-20210902-wa0021_copie.jpg\" alt=\"La fa\u00e7ade c\u00f4t\u00e9 cage d'escalier, 3 septembre 2021\" class=\"wp-image-561\" srcset=\"https:\/\/parisfaubourg.org\/fatouwp23\/wp-content\/uploads\/2021\/09\/img-20210902-wa0021_copie.jpg 600w, https:\/\/parisfaubourg.org\/fatouwp23\/wp-content\/uploads\/2021\/09\/img-20210902-wa0021_copie-300x225.jpg 300w\" sizes=\"auto, (max-width: 600px) 100vw, 600px\" \/><figcaption class=\"wp-element-caption\">La fa\u00e7ade c\u00f4t\u00e9 cage d&#8217;escalier, 3 septembre 2021<\/figcaption><\/figure>\n\n\n\n<figure class=\"wp-block-image aligncenter size-full wp-image-562\"><img loading=\"lazy\" decoding=\"async\" width=\"600\" height=\"337\" src=\"https:\/\/parisfaubourg.org\/fatouwp23\/wp-content\/uploads\/2021\/09\/img-20211008-wa0015.jpg\" alt=\"La porte d'entr\u00e9e de l'\u00e9cole et celle de l'escalier\" class=\"wp-image-562\" srcset=\"https:\/\/parisfaubourg.org\/fatouwp23\/wp-content\/uploads\/2021\/09\/img-20211008-wa0015.jpg 600w, https:\/\/parisfaubourg.org\/fatouwp23\/wp-content\/uploads\/2021\/09\/img-20211008-wa0015-300x169.jpg 300w\" sizes=\"auto, (max-width: 600px) 100vw, 600px\" \/><figcaption class=\"wp-element-caption\">La porte d&#8217;entr\u00e9e de l&#8217;\u00e9cole et celle de l&#8217;escalier<\/figcaption><\/figure>\n\n\n\n<figure class=\"wp-block-image aligncenter size-full wp-image-563\"><img loading=\"lazy\" decoding=\"async\" width=\"600\" height=\"337\" src=\"https:\/\/parisfaubourg.org\/fatouwp23\/wp-content\/uploads\/2021\/09\/img-20211008-wa0009.jpg\" alt=\"La cour et la galerie\" class=\"wp-image-563\" srcset=\"https:\/\/parisfaubourg.org\/fatouwp23\/wp-content\/uploads\/2021\/09\/img-20211008-wa0009.jpg 600w, https:\/\/parisfaubourg.org\/fatouwp23\/wp-content\/uploads\/2021\/09\/img-20211008-wa0009-300x169.jpg 300w\" sizes=\"auto, (max-width: 600px) 100vw, 600px\" \/><figcaption class=\"wp-element-caption\">La cour et la galerie<\/figcaption><\/figure>\n\n\n\n<figure class=\"wp-block-image aligncenter size-full wp-image-564\"><img loading=\"lazy\" decoding=\"async\" width=\"600\" height=\"449\" src=\"https:\/\/parisfaubourg.org\/fatouwp23\/wp-content\/uploads\/2021\/09\/img-20211008-wa0003-2.jpg\" alt=\"La galerie d'entr\u00e9e\" class=\"wp-image-564\" srcset=\"https:\/\/parisfaubourg.org\/fatouwp23\/wp-content\/uploads\/2021\/09\/img-20211008-wa0003-2.jpg 600w, https:\/\/parisfaubourg.org\/fatouwp23\/wp-content\/uploads\/2021\/09\/img-20211008-wa0003-2-300x225.jpg 300w\" sizes=\"auto, (max-width: 600px) 100vw, 600px\" \/><figcaption class=\"wp-element-caption\">La galerie d&#8217;entr\u00e9e<\/figcaption><\/figure>\n\n\n\n<figure class=\"wp-block-image aligncenter size-full wp-image-565\"><img loading=\"lazy\" decoding=\"async\" width=\"600\" height=\"449\" src=\"https:\/\/parisfaubourg.org\/fatouwp23\/wp-content\/uploads\/2021\/09\/img-20211008-wa0007.jpg\" alt=\"Les portes et fenetres int\u00e9rieures en cours d'installation\" class=\"wp-image-565\" srcset=\"https:\/\/parisfaubourg.org\/fatouwp23\/wp-content\/uploads\/2021\/09\/img-20211008-wa0007.jpg 600w, https:\/\/parisfaubourg.org\/fatouwp23\/wp-content\/uploads\/2021\/09\/img-20211008-wa0007-300x225.jpg 300w\" sizes=\"auto, (max-width: 600px) 100vw, 600px\" \/><figcaption class=\"wp-element-caption\">Les portes et fenetres int\u00e9rieures en cours d&#8217;installation<\/figcaption><\/figure>\n\n\n\n<p><strong>Et sur le toit, on pr\u00e9pare le jardin mara\u00eecher:<\/strong><br>\n<\/p>\n\n\n\n<figure class=\"wp-block-image aligncenter size-full wp-image-566\"><img loading=\"lazy\" decoding=\"async\" width=\"600\" height=\"337\" src=\"https:\/\/parisfaubourg.org\/fatouwp23\/wp-content\/uploads\/2021\/09\/img-20211007-wa0017.jpg\" alt=\"Tout autour du toit, les structures qui vont accueillir des cutures et jardinieres et pots\" class=\"wp-image-566\" srcset=\"https:\/\/parisfaubourg.org\/fatouwp23\/wp-content\/uploads\/2021\/09\/img-20211007-wa0017.jpg 600w, https:\/\/parisfaubourg.org\/fatouwp23\/wp-content\/uploads\/2021\/09\/img-20211007-wa0017-300x169.jpg 300w\" sizes=\"auto, (max-width: 600px) 100vw, 600px\" \/><figcaption class=\"wp-element-caption\">Tout autour du toit, les structures qui vont accueillir des cutures et jardinieres et pots<\/figcaption><\/figure>\n\n\n\n<figure class=\"wp-block-image aligncenter size-full wp-image-567\"><img loading=\"lazy\" decoding=\"async\" width=\"600\" height=\"449\" src=\"https:\/\/parisfaubourg.org\/fatouwp23\/wp-content\/uploads\/2021\/09\/img-20211007-wa0009.jpg\" alt=\"Sur le toit, la citerne et le poulailler\" class=\"wp-image-567\" srcset=\"https:\/\/parisfaubourg.org\/fatouwp23\/wp-content\/uploads\/2021\/09\/img-20211007-wa0009.jpg 600w, https:\/\/parisfaubourg.org\/fatouwp23\/wp-content\/uploads\/2021\/09\/img-20211007-wa0009-300x225.jpg 300w\" sizes=\"auto, (max-width: 600px) 100vw, 600px\" \/><figcaption class=\"wp-element-caption\">Sur le toit, la citerne et le poulailler<\/figcaption><\/figure>\n\n\n\n<figure class=\"wp-block-image aligncenter\"><img loading=\"lazy\" decoding=\"async\" width=\"375\" height=\"500\" src=\"https:\/\/parisfaubourg.org\/fatouwp23\/wp-content\/uploads\/2021\/09\/img-20210812-wa0004.jpg\" alt=\"img-20210812-wa0004.jpg\" class=\"wp-image-568\" srcset=\"https:\/\/parisfaubourg.org\/fatouwp23\/wp-content\/uploads\/2021\/09\/img-20210812-wa0004.jpg 375w, https:\/\/parisfaubourg.org\/fatouwp23\/wp-content\/uploads\/2021\/09\/img-20210812-wa0004-225x300.jpg 225w\" sizes=\"auto, (max-width: 375px) 100vw, 375px\" \/><\/figure>\n\n\n\n<p><strong>Et dans l&#8217;\u00e9cole primaire, les classes lib\u00e9r\u00e9es sont carrel\u00e9es pour accueillir les \u00e9l\u00e8ves \u00e0 la rentr\u00e9e<\/strong><br>\n<\/p>\n\n\n\n<div class=\"wp-block-group has-global-padding is-layout-constrained wp-block-group-is-layout-constrained\">\n<figure class=\"wp-block-gallery has-nested-images columns-6 is-cropped wp-block-gallery-1 is-layout-flex wp-block-gallery-is-layout-flex\">\n<figure class=\"wp-block-image size-large\"><a href=\"https:\/\/parisfaubourg.org\/fatouwp23\/wp-content\/uploads\/2021\/09\/img-20200723-wa0035.jpg\"><img loading=\"lazy\" decoding=\"async\" width=\"512\" height=\"1024\" data-id=\"1147\" src=\"https:\/\/parisfaubourg.org\/fatouwp23\/wp-content\/uploads\/2021\/09\/img-20200723-wa0035-512x1024.jpg\" alt=\"\" class=\"wp-image-1147\" srcset=\"https:\/\/parisfaubourg.org\/fatouwp23\/wp-content\/uploads\/2021\/09\/img-20200723-wa0035-512x1024.jpg 512w, https:\/\/parisfaubourg.org\/fatouwp23\/wp-content\/uploads\/2021\/09\/img-20200723-wa0035-150x300.jpg 150w, https:\/\/parisfaubourg.org\/fatouwp23\/wp-content\/uploads\/2021\/09\/img-20200723-wa0035.jpg 520w\" sizes=\"auto, (max-width: 512px) 100vw, 512px\" \/><\/a><\/figure>\n\n\n\n<figure class=\"wp-block-image size-large\"><a href=\"https:\/\/parisfaubourg.org\/fatouwp23\/wp-content\/uploads\/2021\/09\/img_0112.jpg\"><img loading=\"lazy\" decoding=\"async\" width=\"600\" height=\"450\" data-id=\"1148\" src=\"https:\/\/parisfaubourg.org\/fatouwp23\/wp-content\/uploads\/2021\/09\/img_0112.jpg\" alt=\"\" class=\"wp-image-1148\" srcset=\"https:\/\/parisfaubourg.org\/fatouwp23\/wp-content\/uploads\/2021\/09\/img_0112.jpg 600w, https:\/\/parisfaubourg.org\/fatouwp23\/wp-content\/uploads\/2021\/09\/img_0112-300x225.jpg 300w\" sizes=\"auto, (max-width: 600px) 100vw, 600px\" \/><\/a><\/figure>\n\n\n\n<figure class=\"wp-block-image size-large\"><a href=\"https:\/\/parisfaubourg.org\/fatouwp23\/wp-content\/uploads\/2021\/09\/20201105_092530.jpg\"><img loading=\"lazy\" decoding=\"async\" width=\"600\" height=\"450\" data-id=\"1149\" src=\"https:\/\/parisfaubourg.org\/fatouwp23\/wp-content\/uploads\/2021\/09\/20201105_092530.jpg\" alt=\"\" class=\"wp-image-1149\" srcset=\"https:\/\/parisfaubourg.org\/fatouwp23\/wp-content\/uploads\/2021\/09\/20201105_092530.jpg 600w, https:\/\/parisfaubourg.org\/fatouwp23\/wp-content\/uploads\/2021\/09\/20201105_092530-300x225.jpg 300w\" sizes=\"auto, (max-width: 600px) 100vw, 600px\" \/><\/a><\/figure>\n\n\n\n<figure class=\"wp-block-image size-large\"><a href=\"https:\/\/parisfaubourg.org\/fatouwp23\/wp-content\/uploads\/2021\/09\/img_0104.jpg\"><img loading=\"lazy\" decoding=\"async\" width=\"600\" height=\"450\" data-id=\"1150\" src=\"https:\/\/parisfaubourg.org\/fatouwp23\/wp-content\/uploads\/2021\/09\/img_0104.jpg\" alt=\"\" class=\"wp-image-1150\" srcset=\"https:\/\/parisfaubourg.org\/fatouwp23\/wp-content\/uploads\/2021\/09\/img_0104.jpg 600w, https:\/\/parisfaubourg.org\/fatouwp23\/wp-content\/uploads\/2021\/09\/img_0104-300x225.jpg 300w\" sizes=\"auto, (max-width: 600px) 100vw, 600px\" \/><\/a><\/figure>\n\n\n\n<figure class=\"wp-block-image size-large\"><a href=\"https:\/\/parisfaubourg.org\/fatouwp23\/wp-content\/uploads\/2021\/09\/img_0098.jpg\"><img loading=\"lazy\" decoding=\"async\" width=\"600\" height=\"450\" data-id=\"1152\" src=\"https:\/\/parisfaubourg.org\/fatouwp23\/wp-content\/uploads\/2021\/09\/img_0098.jpg\" alt=\"\" class=\"wp-image-1152\" srcset=\"https:\/\/parisfaubourg.org\/fatouwp23\/wp-content\/uploads\/2021\/09\/img_0098.jpg 600w, https:\/\/parisfaubourg.org\/fatouwp23\/wp-content\/uploads\/2021\/09\/img_0098-300x225.jpg 300w\" sizes=\"auto, (max-width: 600px) 100vw, 600px\" \/><\/a><\/figure>\n\n\n\n<figure class=\"wp-block-image size-large\"><a href=\"https:\/\/parisfaubourg.org\/fatouwp23\/wp-content\/uploads\/2021\/09\/img_0110.jpg\"><img loading=\"lazy\" decoding=\"async\" width=\"567\" height=\"425\" data-id=\"1154\" src=\"https:\/\/parisfaubourg.org\/fatouwp23\/wp-content\/uploads\/2021\/09\/img_0110.jpg\" alt=\"\" class=\"wp-image-1154\" srcset=\"https:\/\/parisfaubourg.org\/fatouwp23\/wp-content\/uploads\/2021\/09\/img_0110.jpg 567w, https:\/\/parisfaubourg.org\/fatouwp23\/wp-content\/uploads\/2021\/09\/img_0110-300x225.jpg 300w\" sizes=\"auto, (max-width: 567px) 100vw, 567px\" \/><\/a><\/figure>\n\n\n\n<figure class=\"wp-block-image size-large\"><a href=\"https:\/\/parisfaubourg.org\/fatouwp23\/wp-content\/uploads\/2021\/09\/img_0442.jpg\"><img loading=\"lazy\" decoding=\"async\" width=\"567\" height=\"425\" data-id=\"1155\" src=\"https:\/\/parisfaubourg.org\/fatouwp23\/wp-content\/uploads\/2021\/09\/img_0442.jpg\" alt=\"\" class=\"wp-image-1155\" srcset=\"https:\/\/parisfaubourg.org\/fatouwp23\/wp-content\/uploads\/2021\/09\/img_0442.jpg 567w, https:\/\/parisfaubourg.org\/fatouwp23\/wp-content\/uploads\/2021\/09\/img_0442-300x225.jpg 300w\" sizes=\"auto, (max-width: 567px) 100vw, 567px\" \/><\/a><\/figure>\n\n\n\n<figure class=\"wp-block-image size-large\"><a href=\"https:\/\/parisfaubourg.org\/fatouwp23\/wp-content\/uploads\/2021\/09\/img_0943.jpg\"><img loading=\"lazy\" decoding=\"async\" width=\"1024\" height=\"576\" data-id=\"1156\" src=\"https:\/\/parisfaubourg.org\/fatouwp23\/wp-content\/uploads\/2021\/09\/img_0943-1024x576.jpg\" alt=\"\" class=\"wp-image-1156\" srcset=\"https:\/\/parisfaubourg.org\/fatouwp23\/wp-content\/uploads\/2021\/09\/img_0943-1024x576.jpg 1024w, https:\/\/parisfaubourg.org\/fatouwp23\/wp-content\/uploads\/2021\/09\/img_0943-300x169.jpg 300w, https:\/\/parisfaubourg.org\/fatouwp23\/wp-content\/uploads\/2021\/09\/img_0943-768x432.jpg 768w, https:\/\/parisfaubourg.org\/fatouwp23\/wp-content\/uploads\/2021\/09\/img_0943.jpg 1279w\" sizes=\"auto, (max-width: 1024px) 100vw, 1024px\" \/><\/a><\/figure>\n\n\n\n<figure class=\"wp-block-image size-large\"><a href=\"https:\/\/parisfaubourg.org\/fatouwp23\/wp-content\/uploads\/2021\/09\/img-20210619-wa0008.jpg\"><img loading=\"lazy\" decoding=\"async\" width=\"500\" height=\"375\" data-id=\"1157\" src=\"https:\/\/parisfaubourg.org\/fatouwp23\/wp-content\/uploads\/2021\/09\/img-20210619-wa0008.jpg\" alt=\"\" class=\"wp-image-1157\" srcset=\"https:\/\/parisfaubourg.org\/fatouwp23\/wp-content\/uploads\/2021\/09\/img-20210619-wa0008.jpg 500w, https:\/\/parisfaubourg.org\/fatouwp23\/wp-content\/uploads\/2021\/09\/img-20210619-wa0008-300x225.jpg 300w\" sizes=\"auto, (max-width: 500px) 100vw, 500px\" \/><\/a><\/figure>\n\n\n\n<figure class=\"wp-block-image size-large\"><a href=\"https:\/\/parisfaubourg.org\/fatouwp23\/wp-content\/uploads\/2021\/09\/img-20210619-wa0007.jpg\"><img loading=\"lazy\" decoding=\"async\" width=\"500\" height=\"375\" data-id=\"1158\" src=\"https:\/\/parisfaubourg.org\/fatouwp23\/wp-content\/uploads\/2021\/09\/img-20210619-wa0007.jpg\" alt=\"\" class=\"wp-image-1158\" srcset=\"https:\/\/parisfaubourg.org\/fatouwp23\/wp-content\/uploads\/2021\/09\/img-20210619-wa0007.jpg 500w, https:\/\/parisfaubourg.org\/fatouwp23\/wp-content\/uploads\/2021\/09\/img-20210619-wa0007-300x225.jpg 300w\" sizes=\"auto, (max-width: 500px) 100vw, 500px\" \/><\/a><\/figure>\n\n\n\n<figure class=\"wp-block-image size-large\"><a href=\"https:\/\/parisfaubourg.org\/fatouwp23\/wp-content\/uploads\/2021\/09\/img-20210619-wa0016.jpg\"><img loading=\"lazy\" decoding=\"async\" width=\"600\" height=\"450\" data-id=\"1159\" src=\"https:\/\/parisfaubourg.org\/fatouwp23\/wp-content\/uploads\/2021\/09\/img-20210619-wa0016.jpg\" alt=\"\" class=\"wp-image-1159\" srcset=\"https:\/\/parisfaubourg.org\/fatouwp23\/wp-content\/uploads\/2021\/09\/img-20210619-wa0016.jpg 600w, https:\/\/parisfaubourg.org\/fatouwp23\/wp-content\/uploads\/2021\/09\/img-20210619-wa0016-300x225.jpg 300w\" sizes=\"auto, (max-width: 600px) 100vw, 600px\" \/><\/a><\/figure>\n\n\n\n<figure class=\"wp-block-image size-large\"><a href=\"https:\/\/parisfaubourg.org\/fatouwp23\/wp-content\/uploads\/2021\/09\/img-20210830-wa0003.jpg\"><img loading=\"lazy\" decoding=\"async\" width=\"500\" height=\"375\" data-id=\"1160\" src=\"https:\/\/parisfaubourg.org\/fatouwp23\/wp-content\/uploads\/2021\/09\/img-20210830-wa0003.jpg\" alt=\"\" class=\"wp-image-1160\" srcset=\"https:\/\/parisfaubourg.org\/fatouwp23\/wp-content\/uploads\/2021\/09\/img-20210830-wa0003.jpg 500w, https:\/\/parisfaubourg.org\/fatouwp23\/wp-content\/uploads\/2021\/09\/img-20210830-wa0003-300x225.jpg 300w\" sizes=\"auto, (max-width: 500px) 100vw, 500px\" \/><\/a><\/figure>\n\n\n\n<figure class=\"wp-block-image size-large\"><a href=\"https:\/\/parisfaubourg.org\/fatouwp23\/wp-content\/uploads\/2021\/09\/img-20210827-wa0005.jpg\"><img loading=\"lazy\" decoding=\"async\" width=\"500\" height=\"375\" data-id=\"1161\" src=\"https:\/\/parisfaubourg.org\/fatouwp23\/wp-content\/uploads\/2021\/09\/img-20210827-wa0005.jpg\" alt=\"\" class=\"wp-image-1161\" srcset=\"https:\/\/parisfaubourg.org\/fatouwp23\/wp-content\/uploads\/2021\/09\/img-20210827-wa0005.jpg 500w, https:\/\/parisfaubourg.org\/fatouwp23\/wp-content\/uploads\/2021\/09\/img-20210827-wa0005-300x225.jpg 300w\" sizes=\"auto, (max-width: 500px) 100vw, 500px\" \/><\/a><\/figure>\n\n\n\n<figure class=\"wp-block-image size-large\"><a href=\"https:\/\/parisfaubourg.org\/fatouwp23\/wp-content\/uploads\/2021\/09\/img-20210826-wa0023.jpg\"><img loading=\"lazy\" decoding=\"async\" width=\"500\" height=\"375\" data-id=\"1162\" src=\"https:\/\/parisfaubourg.org\/fatouwp23\/wp-content\/uploads\/2021\/09\/img-20210826-wa0023.jpg\" alt=\"\" class=\"wp-image-1162\" srcset=\"https:\/\/parisfaubourg.org\/fatouwp23\/wp-content\/uploads\/2021\/09\/img-20210826-wa0023.jpg 500w, https:\/\/parisfaubourg.org\/fatouwp23\/wp-content\/uploads\/2021\/09\/img-20210826-wa0023-300x225.jpg 300w\" sizes=\"auto, (max-width: 500px) 100vw, 500px\" \/><\/a><\/figure>\n\n\n\n<figure class=\"wp-block-image size-large\"><a href=\"https:\/\/parisfaubourg.org\/fatouwp23\/wp-content\/uploads\/2021\/09\/img-20210826-wa0018.jpg\"><img loading=\"lazy\" decoding=\"async\" width=\"375\" height=\"500\" data-id=\"1163\" src=\"https:\/\/parisfaubourg.org\/fatouwp23\/wp-content\/uploads\/2021\/09\/img-20210826-wa0018.jpg\" alt=\"\" class=\"wp-image-1163\" srcset=\"https:\/\/parisfaubourg.org\/fatouwp23\/wp-content\/uploads\/2021\/09\/img-20210826-wa0018.jpg 375w, https:\/\/parisfaubourg.org\/fatouwp23\/wp-content\/uploads\/2021\/09\/img-20210826-wa0018-225x300.jpg 225w\" sizes=\"auto, (max-width: 375px) 100vw, 375px\" \/><\/a><\/figure>\n\n\n\n<figure class=\"wp-block-image size-large\"><a href=\"https:\/\/parisfaubourg.org\/fatouwp23\/wp-content\/uploads\/2021\/09\/img-20210823-wa0025.jpg\"><img loading=\"lazy\" decoding=\"async\" width=\"281\" height=\"500\" data-id=\"1164\" src=\"https:\/\/parisfaubourg.org\/fatouwp23\/wp-content\/uploads\/2021\/09\/img-20210823-wa0025.jpg\" alt=\"\" class=\"wp-image-1164\" srcset=\"https:\/\/parisfaubourg.org\/fatouwp23\/wp-content\/uploads\/2021\/09\/img-20210823-wa0025.jpg 281w, https:\/\/parisfaubourg.org\/fatouwp23\/wp-content\/uploads\/2021\/09\/img-20210823-wa0025-169x300.jpg 169w\" sizes=\"auto, (max-width: 281px) 100vw, 281px\" \/><\/a><\/figure>\n\n\n\n<figure class=\"wp-block-image size-large\"><a href=\"https:\/\/parisfaubourg.org\/fatouwp23\/wp-content\/uploads\/2021\/09\/img-20210823-wa0022.jpg\"><img loading=\"lazy\" decoding=\"async\" width=\"500\" height=\"281\" data-id=\"1165\" src=\"https:\/\/parisfaubourg.org\/fatouwp23\/wp-content\/uploads\/2021\/09\/img-20210823-wa0022.jpg\" alt=\"\" class=\"wp-image-1165\" srcset=\"https:\/\/parisfaubourg.org\/fatouwp23\/wp-content\/uploads\/2021\/09\/img-20210823-wa0022.jpg 500w, https:\/\/parisfaubourg.org\/fatouwp23\/wp-content\/uploads\/2021\/09\/img-20210823-wa0022-300x169.jpg 300w\" sizes=\"auto, (max-width: 500px) 100vw, 500px\" \/><\/a><\/figure>\n\n\n\n<figure class=\"wp-block-image size-large\"><a href=\"https:\/\/parisfaubourg.org\/fatouwp23\/wp-content\/uploads\/2021\/09\/img-20211007-wa0009-1.jpg\"><img loading=\"lazy\" decoding=\"async\" width=\"600\" height=\"449\" data-id=\"1167\" src=\"https:\/\/parisfaubourg.org\/fatouwp23\/wp-content\/uploads\/2021\/09\/img-20211007-wa0009-1.jpg\" alt=\"\" class=\"wp-image-1167\" srcset=\"https:\/\/parisfaubourg.org\/fatouwp23\/wp-content\/uploads\/2021\/09\/img-20211007-wa0009-1.jpg 600w, https:\/\/parisfaubourg.org\/fatouwp23\/wp-content\/uploads\/2021\/09\/img-20211007-wa0009-1-300x225.jpg 300w\" sizes=\"auto, (max-width: 600px) 100vw, 600px\" \/><\/a><\/figure>\n\n\n\n<figure class=\"wp-block-image size-large\"><a href=\"https:\/\/parisfaubourg.org\/fatouwp23\/wp-content\/uploads\/2021\/09\/img-20211007-wa0017-1.jpg\"><img loading=\"lazy\" decoding=\"async\" width=\"600\" height=\"337\" data-id=\"1168\" src=\"https:\/\/parisfaubourg.org\/fatouwp23\/wp-content\/uploads\/2021\/09\/img-20211007-wa0017-1.jpg\" alt=\"\" class=\"wp-image-1168\" srcset=\"https:\/\/parisfaubourg.org\/fatouwp23\/wp-content\/uploads\/2021\/09\/img-20211007-wa0017-1.jpg 600w, https:\/\/parisfaubourg.org\/fatouwp23\/wp-content\/uploads\/2021\/09\/img-20211007-wa0017-1-300x169.jpg 300w\" sizes=\"auto, (max-width: 600px) 100vw, 600px\" \/><\/a><\/figure>\n\n\n\n<figure class=\"wp-block-image size-large\"><a href=\"https:\/\/parisfaubourg.org\/fatouwp23\/wp-content\/uploads\/2021\/09\/img-20211008-wa0015-1.jpg\"><img loading=\"lazy\" decoding=\"async\" width=\"600\" height=\"337\" data-id=\"1169\" src=\"https:\/\/parisfaubourg.org\/fatouwp23\/wp-content\/uploads\/2021\/09\/img-20211008-wa0015-1.jpg\" alt=\"\" class=\"wp-image-1169\" srcset=\"https:\/\/parisfaubourg.org\/fatouwp23\/wp-content\/uploads\/2021\/09\/img-20211008-wa0015-1.jpg 600w, https:\/\/parisfaubourg.org\/fatouwp23\/wp-content\/uploads\/2021\/09\/img-20211008-wa0015-1-300x169.jpg 300w\" sizes=\"auto, (max-width: 600px) 100vw, 600px\" \/><\/a><\/figure>\n\n\n\n<figure class=\"wp-block-image size-large\"><a href=\"https:\/\/parisfaubourg.org\/fatouwp23\/wp-content\/uploads\/2021\/09\/img-20211008-wa0009-1.jpg\"><img loading=\"lazy\" decoding=\"async\" width=\"600\" height=\"337\" data-id=\"1170\" src=\"https:\/\/parisfaubourg.org\/fatouwp23\/wp-content\/uploads\/2021\/09\/img-20211008-wa0009-1.jpg\" alt=\"\" class=\"wp-image-1170\" srcset=\"https:\/\/parisfaubourg.org\/fatouwp23\/wp-content\/uploads\/2021\/09\/img-20211008-wa0009-1.jpg 600w, https:\/\/parisfaubourg.org\/fatouwp23\/wp-content\/uploads\/2021\/09\/img-20211008-wa0009-1-300x169.jpg 300w\" sizes=\"auto, (max-width: 600px) 100vw, 600px\" \/><\/a><\/figure>\n\n\n\n<figure class=\"wp-block-image size-large\"><a href=\"https:\/\/parisfaubourg.org\/fatouwp23\/wp-content\/uploads\/2021\/09\/img-20211008-wa0003-2-1.jpg\"><img loading=\"lazy\" decoding=\"async\" width=\"600\" height=\"449\" data-id=\"1171\" src=\"https:\/\/parisfaubourg.org\/fatouwp23\/wp-content\/uploads\/2021\/09\/img-20211008-wa0003-2-1.jpg\" alt=\"\" class=\"wp-image-1171\" srcset=\"https:\/\/parisfaubourg.org\/fatouwp23\/wp-content\/uploads\/2021\/09\/img-20211008-wa0003-2-1.jpg 600w, https:\/\/parisfaubourg.org\/fatouwp23\/wp-content\/uploads\/2021\/09\/img-20211008-wa0003-2-1-300x225.jpg 300w\" sizes=\"auto, (max-width: 600px) 100vw, 600px\" \/><\/a><\/figure>\n<\/figure>\n<\/div>\n","protected":false},"excerpt":{"rendered":"<p>Apr\u00e8s bien des tribulations &#8211; complications, retards, probl\u00e8mes techniques, augmentation de co\u00fbts &#8211; le chantier de l\u2019\u00e9cole maternelle a enfin d\u00e9marr\u00e9 en janvier 2020. Il [&hellip;]<\/p>\n","protected":false},"author":1,"featured_media":554,"comment_status":"closed","ping_status":"open","sticky":false,"template":"","format":"standard","meta":{"footnotes":""},"categories":[13],"tags":[],"class_list":["post-569","post","type-post","status-publish","format-standard","has-post-thumbnail","hentry","category-le-centre-keur-badiene"],"_links":{"self":[{"href":"https:\/\/parisfaubourg.org\/fatouwp23\/wp-json\/wp\/v2\/posts\/569","targetHints":{"allow":["GET"]}}],"collection":[{"href":"https:\/\/parisfaubourg.org\/fatouwp23\/wp-json\/wp\/v2\/posts"}],"about":[{"href":"https:\/\/parisfaubourg.org\/fatouwp23\/wp-json\/wp\/v2\/types\/post"}],"author":[{"embeddable":true,"href":"https:\/\/parisfaubourg.org\/fatouwp23\/wp-json\/wp\/v2\/users\/1"}],"replies":[{"embeddable":true,"href":"https:\/\/parisfaubourg.org\/fatouwp23\/wp-json\/wp\/v2\/comments?post=569"}],"version-history":[{"count":6,"href":"https:\/\/parisfaubourg.org\/fatouwp23\/wp-json\/wp\/v2\/posts\/569\/revisions"}],"predecessor-version":[{"id":1691,"href":"https:\/\/parisfaubourg.org\/fatouwp23\/wp-json\/wp\/v2\/posts\/569\/revisions\/1691"}],"wp:featuredmedia":[{"embeddable":true,"href":"https:\/\/parisfaubourg.org\/fatouwp23\/wp-json\/wp\/v2\/media\/554"}],"wp:attachment":[{"href":"https:\/\/parisfaubourg.org\/fatouwp23\/wp-json\/wp\/v2\/media?parent=569"}],"wp:term":[{"taxonomy":"category","embeddable":true,"href":"https:\/\/parisfaubourg.org\/fatouwp23\/wp-json\/wp\/v2\/categories?post=569"},{"taxonomy":"post_tag","embeddable":true,"href":"https:\/\/parisfaubourg.org\/fatouwp23\/wp-json\/wp\/v2\/tags?post=569"}],"curies":[{"name":"wp","href":"https:\/\/api.w.org\/{rel}","templated":true}]}}